{"id":76,"date":"2024-04-04T03:28:26","date_gmt":"2024-04-04T08:28:26","guid":{"rendered":"https:\/\/institutocentrocristiano.com.co\/?p=76"},"modified":"2025-10-08T08:39:35","modified_gmt":"2025-10-08T13:39:35","slug":"diplomados","status":"publish","type":"post","link":"https:\/\/institutocentrocristiano.com.co\/?p=76","title":{"rendered":"Una historia desconocida"},"content":{"rendered":"\n<p>La mayor\u00eda de los creyentes est\u00e1 familiarizada con ciertos eventos de la historia israelita y su flujo a lo largo de la narraci\u00f3n del Antiguo Testamento. Aun cuando muchos no pudieran ubicar este proceso con mayor precisi\u00f3n dentro de una l\u00ednea de tiempo, s\u00ed existe una buena idea que va desde el Ed\u00e9n por Abraham, Isaac y Jacob hasta Jos\u00e9 en Egjpto, donde contin\u00faa con Mois\u00e9s y el \u00c9xodo, la caminata por el desierto hasta la conquista de Cana\u00e1n y Josu\u00e9. Se reconoce el desorden en el tiempo de los Jueces hasta la implantaci\u00f3n de la monarqu\u00eda con Sa\u00fal, su florecimiento bajo David y Salom\u00f3n y la siguiente divisi\u00f3n de la naci\u00f3n.<\/p>\n\n\n\n<p>Los reyes malos de Israel reciben su merecido por la llegada de los asirios y 10 tribus se pierden para siempre del registro hist\u00f3rico. Los pocos reyes buenos de Jud\u00e1 pueden demorar la ca\u00edda del Reino del Sur, pero cuando prevalecen los malos, tambi\u00e9n Jerusal\u00e9n recibe finalmente su castigo. Un gran n\u00famero de personas es deportado a Babilonia. All\u00e1, sin embargo, saben revivir su fe y prosperan. Una minor\u00eda entonces solicita permiso de regresar a la tierra de su origen donde reconstruyen la ciudad y el Templo. Aqu\u00ed termina la historia antigua.<\/p>\n\n\n\n<p>En cuanto al Nuevo Testamento, sus autores suelen hablar de \u00ablos jud\u00edos\u00bb, como si, con la \u00fanica excepci\u00f3n de Lucas, no hubieran sido jud\u00edos ellos mismos. Saulo de Tarso, el hasta hoy m\u00e1s famoso ap\u00f3stata del juda\u00edsmo, en alg\u00fan momento se da cuenta que para sus compatriotas actualmente no hay una soluci\u00f3n viable: han rechazado al Salvador, tienen \u00abpuesto un velo\u00bb, as\u00ed que decide asumir plenamente el rol que le fue asignado por el Se\u00f1or mismo: ser el ap\u00f3stol a los gentiles.<\/p>\n\n\n\n<p>A partir de este punto, muchos creyentes evang\u00e9licos pierden de vista a los hebreos-israelitas-jud\u00edos en desconocimiento de 2000 a\u00f1os llenos de procesos sociopol\u00edticos y culturales. No muestran mucho inter\u00e9s por una historia que no aparece en sus Biblias. De hecho, es aqu\u00ed donde comienza una de las narrativas m\u00e1s emocionantes y agitadas de la humanidad universal:<\/p>\n\n\n\n<blockquote class=\"wp-block-quote is-layout-flow wp-block-quote-is-layout-flow\">\n<p><\/p>\n\n\n\n<p><strong>La Historia jud\u00eda, despu\u00e9s de Cristo&#8230;<\/strong><\/p>\n<\/blockquote>\n\n\n\n<p><\/p>\n","protected":false},"excerpt":{"rendered":"<p>La mayor\u00eda de los creyentes est\u00e1 familiarizada con ciertos eventos de la historia israelita y su flujo a lo largo de la narraci\u00f3n del Antiguo Testamento. Aun cuando muchos no pudieran ubicar este proceso con mayor precisi\u00f3n dentro de una l\u00ednea de tiempo, s\u00ed existe una buena idea que va desde el Ed\u00e9n por Abraham, Isaac y Jacob hasta Jos\u00e9&#8230;<\/p>\n","protected":false},"author":1,"featured_media":1789,"comment_status":"open","ping_status":"open","sticky":false,"template":"","format":"standard","meta":{"_EventAllDay":false,"_EventTimezone":"","_EventStartDate":"","_EventEndDate":"","_EventStartDateUTC":"","_EventEndDateUTC":"","_EventShowMap":false,"_EventShowMapLink":false,"_EventURL":"","_EventCost":"","_EventCostDescription":"","_EventCurrencySymbol":"","_EventCurrencyCode":"","_EventCurrencyPosition":"","_EventDateTimeSeparator":"","_EventTimeRangeSeparator":"","_EventOrganizerID":[],"_EventVenueID":[],"_OrganizerEmail":"","_OrganizerPhone":"","_OrganizerWebsite":"","_VenueAddress":"","_VenueCity":"","_VenueCountry":"","_VenueProvince":"","_VenueState":"","_VenueZip":"","_VenuePhone":"","_VenueURL":"","_VenueStateProvince":"","_VenueLat":"","_VenueLng":"","_VenueShowMap":false,"_VenueShowMapLink":false,"_kadence_starter_templates_imported_post":false,"_kad_post_transparent":"default","_kad_post_title":"","_kad_post_layout":"right","_kad_post_sidebar_id":"","_kad_post_content_style":"","_kad_post_vertical_padding":"","_kad_post_feature":"","_kad_post_feature_position":"","_kad_post_header":false,"_kad_post_footer":false,"_kad_post_classname":"","footnotes":""},"categories":[1],"tags":[22],"class_list":["post-76","post","type-post","status-publish","format-standard","has-post-thumbnail","hentry","category-blog","tag-historia"],"_links":{"self":[{"href":"https:\/\/institutocentrocristiano.com.co\/index.php?rest_route=\/wp\/v2\/posts\/76","targetHints":{"allow":["GET"]}}],"collection":[{"href":"https:\/\/institutocentrocristiano.com.co\/index.php?rest_route=\/wp\/v2\/posts"}],"about":[{"href":"https:\/\/institutocentrocristiano.com.co\/index.php?rest_route=\/wp\/v2\/types\/post"}],"author":[{"embeddable":true,"href":"https:\/\/institutocentrocristiano.com.co\/index.php?rest_route=\/wp\/v2\/users\/1"}],"replies":[{"embeddable":true,"href":"https:\/\/institutocentrocristiano.com.co\/index.php?rest_route=%2Fwp%2Fv2%2Fcomments&post=76"}],"version-history":[{"count":9,"href":"https:\/\/institutocentrocristiano.com.co\/index.php?rest_route=\/wp\/v2\/posts\/76\/revisions"}],"predecessor-version":[{"id":1894,"href":"https:\/\/institutocentrocristiano.com.co\/index.php?rest_route=\/wp\/v2\/posts\/76\/revisions\/1894"}],"wp:featuredmedia":[{"embeddable":true,"href":"https:\/\/institutocentrocristiano.com.co\/index.php?rest_route=\/wp\/v2\/media\/1789"}],"wp:attachment":[{"href":"https:\/\/institutocentrocristiano.com.co\/index.php?rest_route=%2Fwp%2Fv2%2Fmedia&parent=76"}],"wp:term":[{"taxonomy":"category","embeddable":true,"href":"https:\/\/institutocentrocristiano.com.co\/index.php?rest_route=%2Fwp%2Fv2%2Fcategories&post=76"},{"taxonomy":"post_tag","embeddable":true,"href":"https:\/\/institutocentrocristiano.com.co\/index.php?rest_route=%2Fwp%2Fv2%2Ftags&post=76"}],"curies":[{"name":"wp","href":"https:\/\/api.w.org\/{rel}","templated":true}]}}