{"id":1912,"date":"2025-10-09T08:15:31","date_gmt":"2025-10-09T13:15:31","guid":{"rendered":"https:\/\/institutocentrocristiano.com.co\/?p=1912"},"modified":"2025-10-09T08:16:36","modified_gmt":"2025-10-09T13:16:36","slug":"fe-poder-y-verdad","status":"publish","type":"post","link":"https:\/\/institutocentrocristiano.com.co\/?p=1912","title":{"rendered":"Fe, Poder y Verdad"},"content":{"rendered":"\n<p><strong><em>Una reflexi\u00f3n sobre la instrumentalizaci\u00f3n del Evangelio<\/em><\/strong><\/p>\n\n\n\n<p class=\"has-theme-palette-3-color has-text-color has-link-color wp-elements-ef4b31bf3905e5dbc8ab881840a46524\">En el discurso p\u00fablico contempor\u00e1neo se ha vuelto frecuente la apropiaci\u00f3n de s\u00edmbolos religiosos con fines ideol\u00f3gicos. Este fen\u00f3meno, que no distingue entre derechas e izquierdas, plantea un desaf\u00edo \u00e9tico y teol\u00f3gico: \u00bfhasta qu\u00e9 punto puede el lenguaje de la fe ser utilizado para legitimar causas pol\u00edticas? En Am\u00e9rica Latina, la figura de Jes\u00fas y la ret\u00f3rica del Evangelio han sido invocadas por l\u00edderes de distintas corrientes para dotar de autoridad moral a sus proyectos, convirtiendo la religi\u00f3n en un lenguaje de poder m\u00e1s que de fe.<\/p>\n\n\n\n<p class=\"has-theme-palette-3-color has-text-color has-link-color wp-elements-2833cf244b7fd68730e8a15b13688d74\">Desde Carl Schmitt hasta J\u00fcrgen Moltmann, la teolog\u00eda pol\u00edtica ha advertido que todo poder tiende a sacralizarse. El cristianismo, con su profunda carga simb\u00f3lica sobre el Reino, la redenci\u00f3n y la justicia, ofrece un vocabulario especialmente susceptible de ser reinterpretado fuera de su contexto soteriol\u00f3gico. Cuando un l\u00edder pol\u00edtico cita a Jes\u00fas para justificar movilizaciones o alianzas, sin asumir el contenido teol\u00f3gico de su mensaje \u2014centrado en el amor al pr\u00f3jimo, la reconciliaci\u00f3n y la verdad\u2014, se produce una secularizaci\u00f3n funcional del Evangelio.<\/p>\n\n\n\n<p class=\"has-theme-palette-3-color has-text-color has-link-color wp-elements-b7a32f520fa299cbac904a7a3f89ccf1\">El Cristo hist\u00f3rico se transforma entonces en emblema de una causa social, y su cruz se convierte en pancarta de reivindicaci\u00f3n, desprovista de su sentido redentor. As\u00ed, la fe deja de ser camino de salvaci\u00f3n para convertirse en instrumento de legitimaci\u00f3n. Existe una incoherencia en el apoyo simult\u00e1neo a movimientos que exaltan valores de libertad y a otros que promueven visiones religiosas restrictivas. En t\u00e9rminos teol\u00f3gicos, este sincretismo ideol\u00f3gico \u2014la fusi\u00f3n acr\u00edtica de valores incompatibles bajo el lenguaje de la \u201cliberaci\u00f3n\u201d\u2014 distorsiona el mensaje del Reino, que no pertenece a ning\u00fan bloque humano, sino que los trasciende a todos.<\/p>\n\n\n\n<p class=\"has-theme-palette-3-color has-text-color has-link-color wp-elements-bdde12cb57dfd1e571c71d94875423ae\">En este sentido, la compasi\u00f3n deja de ser virtud cristiana y se convierte en recurso persuasivo. El problema no es apelar a Jes\u00fas, sino hacerlo sin conversi\u00f3n interior ni coherencia \u00e9tica. Como advirti\u00f3 Bonhoeffer, la \u201cgracia barata\u201d es aquella que se predica sin cruz ni discipulado. La religi\u00f3n, cuando se convierte en instrumento de propaganda, pierde su capacidad prof\u00e9tica y se vuelve c\u00f3mplice del poder.<\/p>\n\n\n\n<p class=\"has-theme-palette-3-color has-text-color has-link-color wp-elements-bfec8d3974bff086dd692fa72b311e31\">El cristianismo no necesita ser bandera pol\u00edtica para transformar la sociedad; su fuerza radica en el testimonio, no en la instrumentalizaci\u00f3n. Jes\u00fas no vino a servir de argumento partidista, sino a inaugurar un Reino que trasciende las fronteras del poder humano. Por ello, tanto el pol\u00edtico que cita la Biblia como el cr\u00edtico que la usa para atacar deben recordar que la Palabra de Dios no se presta a la manipulaci\u00f3n: ella interpela, juzga y transforma a todos los que la pronuncian.<\/p>\n\n\n\n<p class=\"has-theme-palette-3-color has-text-color has-link-color wp-elements-0f1273759d04cbeba8b53477d4aa549a\">El mensaje de Jes\u00fas se funda en la uni\u00f3n inseparable entre verdad y amor. La compasi\u00f3n aut\u00e9ntica no es sentimentalismo ni indulgencia moral, sino un compromiso con la dignidad del ser humano a la luz de Dios. Cuando la compasi\u00f3n se desliga de la verdad, se convierte en herramienta pol\u00edtica. Los pol\u00edticos que invocan la misericordia cristiana pero niegan la responsabilidad moral utilizan la emoci\u00f3n como mecanismo de control. La \u00e9tica del Reino exige coherencia: no se puede predicar justicia mientras se alimenta el odio, ni hablar de amor mientras se promueve divisi\u00f3n. La fe sin verdad es propaganda; la verdad sin amor es tiran\u00eda.<\/p>\n\n\n\n<p class=\"has-theme-palette-3-color has-text-color has-link-color wp-elements-09cba35f619799e3f5bcdcd3dbf4dcad\">El cristianismo aut\u00e9ntico no se somete al poder, lo confronta. La voz prof\u00e9tica denuncia tanto la opresi\u00f3n externa como la hipocres\u00eda interna. Usar el nombre de Jes\u00fas para sostener ideolog\u00edas humanas es repetir la tentaci\u00f3n del desierto: poner a Dios al servicio de los fines del hombre. El Reino de Dios no se construye mediante discursos populistas ni exaltaciones del resentimiento, sino mediante la conversi\u00f3n del coraz\u00f3n. La Iglesia y la sociedad necesitan discernir entre la voz del Evangelio y la voz de la propaganda, entre la compasi\u00f3n que redime y la que manipula.<\/p>\n\n\n\n<p class=\"has-theme-palette-3-color has-text-color has-link-color wp-elements-a80409ca861591e8fd1a6a411315675f\">La religi\u00f3n, cuando se usa como instrumento de poder, deja de ser camino de fe para convertirse en escenario de demagogia. La fe no necesita ser ideolog\u00eda ni pancarta: su fuerza est\u00e1 en el testimonio, en la coherencia moral y en el amor que transforma.<\/p>\n\n\n\n<p class=\"has-theme-palette-3-color has-text-color has-link-color wp-elements-bd22db9451dc689f04c05c4fa5f46472\">El cristianismo no fue dado para justificar revoluciones humanas, sino para anunciar la reconciliaci\u00f3n total. Jes\u00fas no vino a servir de argumento pol\u00edtico, sino a revelar la verdad que libera. Toda manipulaci\u00f3n de su nombre \u2014ya sea desde la derecha o desde la izquierda\u2014 traiciona el esp\u00edritu del Evangelio. Solo una fe que se mantiene libre del c\u00e1lculo pol\u00edtico puede conservar su poder redentor y su voz prof\u00e9tica en medio&nbsp;del&nbsp;mundo.<\/p>\n\n\n\n<p><\/p>\n","protected":false},"excerpt":{"rendered":"<p>Una reflexi\u00f3n sobre la instrumentalizaci\u00f3n del Evangelio En el discurso p\u00fablico contempor\u00e1neo se ha vuelto frecuente la apropiaci\u00f3n de s\u00edmbolos religiosos con fines ideol\u00f3gicos. Este fen\u00f3meno, que no distingue entre derechas e izquierdas, plantea un desaf\u00edo \u00e9tico y teol\u00f3gico: \u00bfhasta qu\u00e9 punto puede el lenguaje de la fe ser utilizado para legitimar causas pol\u00edticas? En Am\u00e9rica Latina, la figura de&#8230;<\/p>\n","protected":false},"author":9,"featured_media":1914,"comment_status":"open","ping_status":"open","sticky":false,"template":"","format":"standard","meta":{"_EventAllDay":false,"_EventTimezone":"","_EventStartDate":"","_EventEndDate":"","_EventStartDateUTC":"","_EventEndDateUTC":"","_EventShowMap":false,"_EventShowMapLink":false,"_EventURL":"","_EventCost":"","_EventCostDescription":"","_EventCurrencySymbol":"","_EventCurrencyCode":"","_EventCurrencyPosition":"","_EventDateTimeSeparator":"","_EventTimeRangeSeparator":"","_EventOrganizerID":[],"_EventVenueID":[],"_OrganizerEmail":"","_OrganizerPhone":"","_OrganizerWebsite":"","_VenueAddress":"","_VenueCity":"","_VenueCountry":"","_VenueProvince":"","_VenueState":"","_VenueZip":"","_VenuePhone":"","_VenueURL":"","_VenueStateProvince":"","_VenueLat":"","_VenueLng":"","_VenueShowMap":false,"_VenueShowMapLink":false,"_kadence_starter_templates_imported_post":false,"_kad_post_transparent":"","_kad_post_title":"","_kad_post_layout":"","_kad_post_sidebar_id":"","_kad_post_content_style":"","_kad_post_vertical_padding":"","_kad_post_feature":"","_kad_post_feature_position":"","_kad_post_header":false,"_kad_post_footer":false,"_kad_post_classname":"","footnotes":""},"categories":[1],"tags":[29],"class_list":["post-1912","post","type-post","status-publish","format-standard","has-post-thumbnail","hentry","category-blog","tag-formacion"],"_links":{"self":[{"href":"https:\/\/institutocentrocristiano.com.co\/index.php?rest_route=\/wp\/v2\/posts\/1912","targetHints":{"allow":["GET"]}}],"collection":[{"href":"https:\/\/institutocentrocristiano.com.co\/index.php?rest_route=\/wp\/v2\/posts"}],"about":[{"href":"https:\/\/institutocentrocristiano.com.co\/index.php?rest_route=\/wp\/v2\/types\/post"}],"author":[{"embeddable":true,"href":"https:\/\/institutocentrocristiano.com.co\/index.php?rest_route=\/wp\/v2\/users\/9"}],"replies":[{"embeddable":true,"href":"https:\/\/institutocentrocristiano.com.co\/index.php?rest_route=%2Fwp%2Fv2%2Fcomments&post=1912"}],"version-history":[{"count":1,"href":"https:\/\/institutocentrocristiano.com.co\/index.php?rest_route=\/wp\/v2\/posts\/1912\/revisions"}],"predecessor-version":[{"id":1915,"href":"https:\/\/institutocentrocristiano.com.co\/index.php?rest_route=\/wp\/v2\/posts\/1912\/revisions\/1915"}],"wp:featuredmedia":[{"embeddable":true,"href":"https:\/\/institutocentrocristiano.com.co\/index.php?rest_route=\/wp\/v2\/media\/1914"}],"wp:attachment":[{"href":"https:\/\/institutocentrocristiano.com.co\/index.php?rest_route=%2Fwp%2Fv2%2Fmedia&parent=1912"}],"wp:term":[{"taxonomy":"category","embeddable":true,"href":"https:\/\/institutocentrocristiano.com.co\/index.php?rest_route=%2Fwp%2Fv2%2Fcategories&post=1912"},{"taxonomy":"post_tag","embeddable":true,"href":"https:\/\/institutocentrocristiano.com.co\/index.php?rest_route=%2Fwp%2Fv2%2Ftags&post=1912"}],"curies":[{"name":"wp","href":"https:\/\/api.w.org\/{rel}","templated":true}]}}