{"id":1900,"date":"2025-10-08T08:56:08","date_gmt":"2025-10-08T13:56:08","guid":{"rendered":"https:\/\/institutocentrocristiano.com.co\/?p=1900"},"modified":"2025-10-08T09:59:36","modified_gmt":"2025-10-08T14:59:36","slug":"la-biblia-y-la-influencia-de-la-reforma-protestante","status":"publish","type":"post","link":"https:\/\/institutocentrocristiano.com.co\/?p=1900","title":{"rendered":"La Biblia y la influencia de la Reforma Protestante"},"content":{"rendered":"\n<p class=\"has-medium-font-size\"><strong><em> 1517\u20132025: un estudio hermen\u00e9utico sobre su impacto en la historia, la ciencia, la educaci\u00f3n y la emancipaci\u00f3n humana<\/em><\/strong>   <a href=\"https:\/\/institutocentrocristiano.com.co\/public_html\/zstore\/PDF\/La%20Biblia%20y%20la%20influencia%20de%20la%20Reforma%20Protestante.pdf\">(Art\u00edculo completo)<\/a><\/p>\n\n\n\n<p class=\"has-theme-palette-4-color has-text-color has-link-color wp-elements-076f1cf7e24f91caf8fa27dd77d421fa\">Por M.Th.Ed. Ricardo Magno Ruiz Carrillo<\/p>\n\n\n\n<p class=\"has-theme-palette-4-color has-text-color has-link-color wp-elements-13d61fb8b36fe5ebaa00632c3d98754a\">El 31 de octubre de 1517, Mart\u00edn Lutero clav\u00f3 sus noventa y cinco tesis en las puertas de Wittenberg, desencadenando un proceso espiritual y cultural que alter\u00f3 el curso de la historia. Detr\u00e1s de ese gesto no solo se hallaba un conflicto doctrinal, sino una profunda transformaci\u00f3n epistemol\u00f3gica: el retorno a la Palabra como autoridad \u00faltima, expresado en el principio Sola Scriptura. La Reforma Protestante no puede entenderse \u00fanicamente como un movimiento religioso, sino como un paradigma interpretativo que reconfigur\u00f3 las relaciones entre fe y raz\u00f3n, Iglesia y sociedad, conocimiento y libertad.<\/p>\n\n\n\n<p><a href=\"https:\/\/institutocentrocristiano.com.co\/public_html\/zstore\/PDF\/La%20Biblia%20y%20la%20influencia%20de%20la%20Reforma%20Protestante.pdf\">Leer m\u00e1s<\/a><\/p>\n","protected":false},"excerpt":{"rendered":"<p>1517\u20132025: un estudio hermen\u00e9utico sobre su impacto en la historia, la ciencia, la educaci\u00f3n y la emancipaci\u00f3n humana (Art\u00edculo completo) Por M.Th.Ed. Ricardo Magno Ruiz Carrillo El 31 de octubre de 1517, Mart\u00edn Lutero clav\u00f3 sus noventa y cinco tesis en las puertas de Wittenberg, desencadenando un proceso espiritual y cultural que alter\u00f3 el curso de la historia. Detr\u00e1s de&#8230;<\/p>\n","protected":false},"author":9,"featured_media":1901,"comment_status":"open","ping_status":"open","sticky":false,"template":"","format":"standard","meta":{"_EventAllDay":false,"_EventTimezone":"","_EventStartDate":"","_EventEndDate":"","_EventStartDateUTC":"","_EventEndDateUTC":"","_EventShowMap":false,"_EventShowMapLink":false,"_EventURL":"","_EventCost":"","_EventCostDescription":"","_EventCurrencySymbol":"","_EventCurrencyCode":"","_EventCurrencyPosition":"","_EventDateTimeSeparator":"","_EventTimeRangeSeparator":"","_EventOrganizerID":[],"_EventVenueID":[],"_OrganizerEmail":"","_OrganizerPhone":"","_OrganizerWebsite":"","_VenueAddress":"","_VenueCity":"","_VenueCountry":"","_VenueProvince":"","_VenueState":"","_VenueZip":"","_VenuePhone":"","_VenueURL":"","_VenueStateProvince":"","_VenueLat":"","_VenueLng":"","_VenueShowMap":false,"_VenueShowMapLink":false,"_kadence_starter_templates_imported_post":false,"_kad_post_transparent":"","_kad_post_title":"","_kad_post_layout":"","_kad_post_sidebar_id":"","_kad_post_content_style":"","_kad_post_vertical_padding":"","_kad_post_feature":"","_kad_post_feature_position":"","_kad_post_header":false,"_kad_post_footer":false,"_kad_post_classname":"","footnotes":""},"categories":[23],"tags":[29,22],"class_list":["post-1900","post","type-post","status-publish","format-standard","has-post-thumbnail","hentry","category-articulos","tag-formacion","tag-historia"],"_links":{"self":[{"href":"https:\/\/institutocentrocristiano.com.co\/index.php?rest_route=\/wp\/v2\/posts\/1900","targetHints":{"allow":["GET"]}}],"collection":[{"href":"https:\/\/institutocentrocristiano.com.co\/index.php?rest_route=\/wp\/v2\/posts"}],"about":[{"href":"https:\/\/institutocentrocristiano.com.co\/index.php?rest_route=\/wp\/v2\/types\/post"}],"author":[{"embeddable":true,"href":"https:\/\/institutocentrocristiano.com.co\/index.php?rest_route=\/wp\/v2\/users\/9"}],"replies":[{"embeddable":true,"href":"https:\/\/institutocentrocristiano.com.co\/index.php?rest_route=%2Fwp%2Fv2%2Fcomments&post=1900"}],"version-history":[{"count":2,"href":"https:\/\/institutocentrocristiano.com.co\/index.php?rest_route=\/wp\/v2\/posts\/1900\/revisions"}],"predecessor-version":[{"id":1907,"href":"https:\/\/institutocentrocristiano.com.co\/index.php?rest_route=\/wp\/v2\/posts\/1900\/revisions\/1907"}],"wp:featuredmedia":[{"embeddable":true,"href":"https:\/\/institutocentrocristiano.com.co\/index.php?rest_route=\/wp\/v2\/media\/1901"}],"wp:attachment":[{"href":"https:\/\/institutocentrocristiano.com.co\/index.php?rest_route=%2Fwp%2Fv2%2Fmedia&parent=1900"}],"wp:term":[{"taxonomy":"category","embeddable":true,"href":"https:\/\/institutocentrocristiano.com.co\/index.php?rest_route=%2Fwp%2Fv2%2Fcategories&post=1900"},{"taxonomy":"post_tag","embeddable":true,"href":"https:\/\/institutocentrocristiano.com.co\/index.php?rest_route=%2Fwp%2Fv2%2Ftags&post=1900"}],"curies":[{"name":"wp","href":"https:\/\/api.w.org\/{rel}","templated":true}]}}