{"id":1751,"date":"2024-02-15T12:44:09","date_gmt":"2024-02-15T17:44:09","guid":{"rendered":"https:\/\/institutocentrocristiano.com.co\/?p=1751"},"modified":"2025-10-08T10:01:55","modified_gmt":"2025-10-08T15:01:55","slug":"la-educacion-como-motor-de-desarrollo-integral-de-la-socedad","status":"publish","type":"post","link":"https:\/\/institutocentrocristiano.com.co\/?p=1751","title":{"rendered":"La educaci\u00f3n como motor de desarrollo  integral de la sociedad"},"content":{"rendered":"\n<p>Dada la trascendencia de formar las capacidades y competencias individuales, resulta fundamental establecer una conexi\u00f3n entre educaci\u00f3n y desarrollo, ya que de ello depende el adecuado desempe\u00f1o de las personas en la sociedad. Una sociedad bien educada, con individuos formados integralmente, competentes y capaces, avanza hacia el desarrollo en todas las \u00e1reas.<\/p>\n\n\n\n<h3 class=\"wp-block-heading\">1. Educaci\u00f3n y desarrollo<\/h3>\n\n\n\n<p>Es innegable que la concepci\u00f3n de desarrollo econ\u00f3mico ha alcanzado un grado hegem\u00f3nico en todas las esferas de la sociedad, y parece ser crucial para hablar de calidad de vida (Cruz, 2013). Desde la perspectiva de Amartya Sen, el desarrollo es \u201cun proceso de expansi\u00f3n de las libertades reales que disfrutan los individuos\u201d (Rivera, 2015). Esto implica que cuanto m\u00e1s libre se sienta un individuo para elegir su estilo de vida y los medios para desarrollarse como persona, m\u00e1s desarrollo puede alcanzar. No se trata simplemente de vivir en ausencia de lo social, sino de estar capacitado para aportar soluciones a los grandes problemas que enfrenta la sociedad. Aquellos que viven en condiciones de desamparo, indefensi\u00f3n, privaciones y opresi\u00f3n requieren una soluci\u00f3n integral a la desigualdad en el mundo; sin educaci\u00f3n, nunca habr\u00e1 una transformaci\u00f3n en la sociedad. El desarrollo no se mide solo en t\u00e9rminos de escasez de ingresos; es crucial considerar la pobreza de capacidades. Surge la pregunta: \u00bfC\u00f3mo puede un individuo desarrollar sus capacidades intr\u00ednsecas sin oportunidades de educaci\u00f3n de calidad? Aqu\u00ed es donde la educaci\u00f3n cobra relevancia, ya que no se trata solo de maximizar la eficiencia, el trabajo o las utilidades que proporcionen calidad de vida material. Lo imperativo es reducir la desigualdad, la injusticia social y las limitaciones del mercado (Rivera, 2015).<\/p>\n\n\n\n<h3 class=\"wp-block-heading\"><strong>2. Tendencias econ\u00f3micas que influyen en la educaci\u00f3n<\/strong><\/h3>\n\n\n\n<p>Los modelos educativos han estado inmersos en los modelos de desarrollo econ\u00f3mico que predominan en la sociedad. La econom\u00eda est\u00e1 colonizando todos los \u00e1mbitos de la realidad (Cruz, 2013), superando incluso a las fuerzas pol\u00edticas. Quien realmente determina el curso de los acontecimientos en el mundo globalizado es la econom\u00eda, es decir, el capital. Desde que las doctrinas econ\u00f3micas llegaron a la educaci\u00f3n, estas impactaron en la instituci\u00f3n educativa y el desarrollo de la pr\u00e1ctica educativa, orient\u00e1ndose hacia la formaci\u00f3n de habilidades laborales centradas en el desarrollo industrial. Los escenarios de formaci\u00f3n y educaci\u00f3n se ajustaron al modelo industrial, organizando a los individuos por edades, g\u00e9nero, horarios, uniformes, tiempos de descanso, tareas y hasta la alimentaci\u00f3n; todo un escenario para preparar al individuo para el futuro en las dependencias industriales. En (Mu\u00f1oz Izquierdo, 2011) se encuentran apreciaciones interesantes sobre las consecuencias de no mejorar la distribuci\u00f3n de las oportunidades educativas frente al escaso mejoramiento de las habilidades en la fuerza laboral. Los sectores populares tienen escasa educaci\u00f3n y, por ende, poca absorci\u00f3n en la fuerza laboral. La clase media, con un poco m\u00e1s de educaci\u00f3n, solo alcanza ocupaciones que exigen menos escolaridad, mientras que aquellos que pertenecen a las clases superiores no solo obtienen ingresos superiores, sino tambi\u00e9n las oportunidades educativas m\u00e1s valoradas por el mercado laboral organizado. Frente a la debacle del modelo neoliberal en cuanto a las oportunidades de educaci\u00f3n para todos sin distinci\u00f3n, el modelo de desarrollo humano ofrece la posibilidad de cambiar para que la actividad educativa se centre en el ser humano, sus capacidades, potencialidades, competencias y talentos, sin restricciones en su desarrollo individual o social.<\/p>\n\n\n\n<p><strong>3. \u00bfEducar para el desarrollo o desarrollar la educaci\u00f3n?<\/strong><\/p>\n\n\n\n<p>De acuerdo con los objetivos de desarrollo sostenible de las Naciones Unidas (Educaci\u00f3n de calidad: Por qu\u00e9 es importante, 2020) se debe garantizar una educaci\u00f3n inclusiva y equitativa de calidad y promover oportunidades de aprendizaje permanentes. Para que se logre el tan anhelado desarrollo, se requiere una integralidad en los modelos econ\u00f3micos y educativos. La educaci\u00f3n y la econom\u00eda no son excluyentes la una de la otra; la educaci\u00f3n es clave para que la humanidad alcance otros objetivos sostenibles (ODS), cuando la educaci\u00f3n de calidad est\u00e1 al alcance de todas las personas equitativamente, estas podr\u00e1n salir de la \u201cpobreza de capacidades\u201d y alcanzar un desarrollo en su renta, por ende, la calidad de vida se desarrollara ostensiblemente. La educaci\u00f3n contribuye a reducir las desigualdades y a cerrar las brechas sociales, empodera a la sociedad para que cada uno de los individuos que la componen lleven una vida saludable y sostenible; la desigualdad econ\u00f3mica (provocada por la doctrina neoliberal) ha estimulado la intolerancia y la lucha de clases, pero la educaci\u00f3n de calidad fomenta la tolerancia entre las personas y contribuye a crear sociedades m\u00e1s pac\u00edficas (Educaci\u00f3n de calidad: por qu\u00e9 es importante, 2020).<\/p>\n\n\n\n<h2 class=\"wp-block-heading\"><strong>Conclusi\u00f3n<\/strong><\/h2>\n\n\n\n<p>La educaci\u00f3n y el desarrollo no son excluyentes; se integran plenamente. No se puede hablar de una sociedad desarrollada si los \u00edndices de educaci\u00f3n son bajos y, por ende, las capacidades y competencias de las personas no se desarrollan eficazmente. Tampoco se puede afirmar que una sociedad alcanza un nivel de educaci\u00f3n \u00f3ptimo si la desigualdad social y la pobreza econ\u00f3mica avanzan, otorgando poder y libertad a unos pocos que toman decisiones por la mayor\u00eda. Se debe buscar la integralidad de la educaci\u00f3n para alcanzar altos \u00edndices de desarrollo humano. Una sociedad educada es libre para decidir, exigir que las autoridades rindan cuentas y promover los cambios necesarios en todas las esferas.<\/p>\n\n\n\n<h4 class=\"wp-block-heading\"><strong>Referencias<\/strong><\/h4>\n\n\n\n<ul class=\"wp-block-list\">\n<li>Castro Robles, Y. (Octubre de 2007). La educaci\u00f3n para el desarrollo humano en un mundo globalizado. <em>Revista Tendencia &amp; Retos<\/em> (12), 157-175. Recuperado el 20 de 05 de 2020, de http:\/\/www.ts.ucr.ac.cr\/binarios\/tendencias\/rev-co-tendencias-12-10.pdf<\/li>\n\n\n\n<li>Cruz, M. (Diciembre de 2013). Un marco de inteligibilidad para lo que nos est\u00e1 pasando. (63-72, Ed.) <em>Gaceta sindical: Reflexiones y debates<\/em> (21). Recuperado el 20 de 05 de 2020, de https:\/\/www.ccoo.es\/cms.php?cd_cms_pag=12855&amp;cd_cms_elcon_from=&amp;cd_cms_elconmaster_to=37&amp;cd_cms_conte=28731&amp;opc_id=2d88420bca00e776411d0404c0170614&amp;opc_id_prin=2f6265f7450466813ea62da04a9e99d8<\/li>\n\n\n\n<li><em>Educaci\u00f3n de calidad: Por qu\u00e9 es importante<\/em>. (20 de 05 de 2020). Obtenido de www.un.org: https:\/\/www.un.org\/sustainabledevelopment\/es\/wp-content\/uploads\/sites\/3\/2016\/10\/4_Spanish_Why_it_Matters.pdf<\/li>\n\n\n\n<li>Mu\u00f1oz Izquierdo, C. (2011). El papel de la educaci\u00f3n en el desarrollo econ\u00f3mico y social; una perspectiva. <em>Revista de la educaci\u00f3n superior<\/em> (37). Recuperado el 20 de 05 de 2020, de http:\/\/publicaciones.anuies.mx\/pdfs\/revista\/Revista37_S1A2ES.pdf<\/li>\n\n\n\n<li>Rivera, J. (29 de 11 de 2015). Desarrollo y Libertad. <em>mundos plurales, 2<\/em>(2), 110-112. doi:10.17141\/mundosplurales.2.2015.1991<\/li>\n\n\n\n<li>Sen, A. (2000). El desarrollo como libertad. <em>Gaceta Ecol\u00f3<\/em> (55), 14-20. Recuperado el 2020 de 05 de 2020, de http:\/\/www.redalyc.org\/articulo.oa?id=53905501<\/li>\n<\/ul>\n\n\n\n<p><\/p>\n","protected":false},"excerpt":{"rendered":"<p>Dada la trascendencia de formar las capacidades y competencias individuales, resulta fundamental establecer una conexi\u00f3n entre educaci\u00f3n y desarrollo, ya que de ello depende el adecuado desempe\u00f1o de las personas en la sociedad. Una sociedad bien educada, con individuos formados integralmente, competentes y capaces, avanza hacia el desarrollo en todas las \u00e1reas. 1. Educaci\u00f3n y desarrollo Es innegable que la&#8230;<\/p>\n","protected":false},"author":9,"featured_media":1702,"comment_status":"open","ping_status":"open","sticky":false,"template":"","format":"standard","meta":{"_EventAllDay":false,"_EventTimezone":"","_EventStartDate":"","_EventEndDate":"","_EventStartDateUTC":"","_EventEndDateUTC":"","_EventShowMap":false,"_EventShowMapLink":false,"_EventURL":"","_EventCost":"","_EventCostDescription":"","_EventCurrencySymbol":"","_EventCurrencyCode":"","_EventCurrencyPosition":"","_EventDateTimeSeparator":"","_EventTimeRangeSeparator":"","_EventOrganizerID":[],"_EventVenueID":[],"_OrganizerEmail":"","_OrganizerPhone":"","_OrganizerWebsite":"","_VenueAddress":"","_VenueCity":"","_VenueCountry":"","_VenueProvince":"","_VenueState":"","_VenueZip":"","_VenuePhone":"","_VenueURL":"","_VenueStateProvince":"","_VenueLat":"","_VenueLng":"","_VenueShowMap":false,"_VenueShowMapLink":false,"_kadence_starter_templates_imported_post":false,"_kad_post_transparent":"","_kad_post_title":"","_kad_post_layout":"","_kad_post_sidebar_id":"","_kad_post_content_style":"","_kad_post_vertical_padding":"","_kad_post_feature":"","_kad_post_feature_position":"","_kad_post_header":false,"_kad_post_footer":false,"_kad_post_classname":"","footnotes":""},"categories":[23],"tags":[24],"class_list":["post-1751","post","type-post","status-publish","format-standard","has-post-thumbnail","hentry","category-articulos","tag-pedagogia"],"_links":{"self":[{"href":"https:\/\/institutocentrocristiano.com.co\/index.php?rest_route=\/wp\/v2\/posts\/1751","targetHints":{"allow":["GET"]}}],"collection":[{"href":"https:\/\/institutocentrocristiano.com.co\/index.php?rest_route=\/wp\/v2\/posts"}],"about":[{"href":"https:\/\/institutocentrocristiano.com.co\/index.php?rest_route=\/wp\/v2\/types\/post"}],"author":[{"embeddable":true,"href":"https:\/\/institutocentrocristiano.com.co\/index.php?rest_route=\/wp\/v2\/users\/9"}],"replies":[{"embeddable":true,"href":"https:\/\/institutocentrocristiano.com.co\/index.php?rest_route=%2Fwp%2Fv2%2Fcomments&post=1751"}],"version-history":[{"count":3,"href":"https:\/\/institutocentrocristiano.com.co\/index.php?rest_route=\/wp\/v2\/posts\/1751\/revisions"}],"predecessor-version":[{"id":1897,"href":"https:\/\/institutocentrocristiano.com.co\/index.php?rest_route=\/wp\/v2\/posts\/1751\/revisions\/1897"}],"wp:featuredmedia":[{"embeddable":true,"href":"https:\/\/institutocentrocristiano.com.co\/index.php?rest_route=\/wp\/v2\/media\/1702"}],"wp:attachment":[{"href":"https:\/\/institutocentrocristiano.com.co\/index.php?rest_route=%2Fwp%2Fv2%2Fmedia&parent=1751"}],"wp:term":[{"taxonomy":"category","embeddable":true,"href":"https:\/\/institutocentrocristiano.com.co\/index.php?rest_route=%2Fwp%2Fv2%2Fcategories&post=1751"},{"taxonomy":"post_tag","embeddable":true,"href":"https:\/\/institutocentrocristiano.com.co\/index.php?rest_route=%2Fwp%2Fv2%2Ftags&post=1751"}],"curies":[{"name":"wp","href":"https:\/\/api.w.org\/{rel}","templated":true}]}}