{"id":1737,"date":"2024-02-13T21:42:08","date_gmt":"2024-02-14T02:42:08","guid":{"rendered":"https:\/\/institutocentrocristiano.com.co\/?p=1737"},"modified":"2025-10-28T09:05:15","modified_gmt":"2025-10-28T14:05:15","slug":"asi-era-la-reforma","status":"publish","type":"post","link":"https:\/\/institutocentrocristiano.com.co\/?p=1737","title":{"rendered":"As\u00ed era la Reforma"},"content":{"rendered":"\n<p><strong>Un viaje por su significado actual <\/strong>(<a href=\"https:\/\/institutocentrocristiano.com.co\/zstore\/PDF\/UN%20VIAJE%20POR%20LA%20REFORMA.pdf\">Art\u00edculo completo<\/a>)<\/p>\n\n\n\n<p id=\"yui_3_17_2_1_1707878908465_26\">Para una comunicaci\u00f3n nacida en el seno de un seminario b\u00edblico evang\u00e9lico con la intenci\u00f3n de conmemorar los m\u00e1s de 500 a\u00f1os de la Reforma protestante, no podr\u00eda haber mejor introducci\u00f3n que la que precedi\u00f3 a los 95 Tesis que pusieron en movimiento uno de los procesos m\u00e1s significativos de la historia humana. Citamos:<\/p>\n\n\n\n<blockquote class=\"wp-block-quote is-layout-flow wp-block-quote-is-layout-flow\">\n<p><em>Por amor a la verdad y con la intenci\u00f3n de profundizar en ella, deben ponerse a discusi\u00f3n&nbsp;en Wittenberg bajo el presidio del dign\u00edsimo Padre Martin Luther, magister de los artes libres y de la santa Teolog\u00eda as\u00ed como su profesor ordinario ah\u00ed mismo, las siguientes sentencias. Por lo que pide a los que no podr\u00e1n estar presentes y debatir oralmente con nosotros, hacerlo en ausencia por escrito. En el nombre de nuestro Se\u00f1or Jesucristo, Am\u00e9n.<\/em><\/p>\n<\/blockquote>\n\n\n\n<p>Si Lutero hubiera dispuesto de nuestros medios de comunicaci\u00f3n, habr\u00eda hecho lo que estamos haciendo aqu\u00ed, es decir, abrir un espacio virtual donde seminaristas, maestros y la comunidad cristiana podemos encontrarnos de forma constructiva, cr\u00edtica y de acuerdo con los principios de toda la discusi\u00f3n nuestra:<\/p>\n\n\n\n<blockquote class=\"wp-block-quote is-layout-flow wp-block-quote-is-layout-flow\">\n<p><em>\u2026honren en su coraz\u00f3n a Cristo como Se\u00f1or. Est\u00e9n siempre preparados para responder a todo el que les pida raz\u00f3n de la esperanza que hay en ustedes. Pero h\u00e1ganlo con gentileza y respeto, manteniendo la conciencia limpia, para que los que hablan mal de la buena conducta de ustedes en Cristo, se averg\u00fcencen de sus calumnias. &nbsp;<\/em>&nbsp;(1 Pedro 3:15-16)<\/p>\n<\/blockquote>\n\n\n\n<p>Conviene dar a conocer el esp\u00edritu que nos anima frente a la Reforma. Una distancia de 500 a\u00f1os es una medida adecuada para evaluar si existe un mensaje que haya perdurado por el tiempo y apreciar al impacto y a los efectos -para bien o para mal- que haya generado. Con este fin nos parece bien hacer tres recomendaciones:<\/p>\n\n\n\n<ol class=\"wp-block-list\">\n<li>NO espiritualizar la Reforma: su nacimiento est\u00e1 inseparablemente vinculado al&nbsp;Desarrollo hist\u00f3rico del mundo&nbsp;y su \u00e9xito se debe en igual medida a las vicisitudes pol\u00edticas y sociales de su \u00e9poca.<\/li>\n\n\n\n<li>NO idealizar la Reforma: sus actores ten\u00edan virtudes, deficiencias y fallas humanas; entre sus consecuencias tambi\u00e9n se encuentran algunas&nbsp;de impacto&nbsp;negativo y desastroso para el destino de la humanidad.<\/li>\n\n\n\n<li>NO limitar la Reforma: su repercusi\u00f3n excedi\u00f3 por lejos al \u00e1mbito religioso, cambiando la cosmovisi\u00f3n&nbsp;de un continente y su expansion; y&nbsp;tambi\u00e9n transcendi\u00f3 a&nbsp;su sociedad&nbsp;contempor\u00e1nea para llegar hasta hoy.<\/li>\n<\/ol>\n\n\n\n<p>Lo que nos conduce a declarar cu\u00e1les son las inquietudes en el origen de nuestras tesis para la Iglesia del aqu\u00ed y del hoy:<\/p>\n\n\n\n<p>\u00bfCreemos que ya todo lo sabemos o seguimos buscando la verdad fundamentada por la interpretaci\u00f3n teol\u00f3gica? \u00bfPreferimos aceptar conceptos que no desaf\u00eden nuestra cosmovisi\u00f3n o rechazamos los pretextos c\u00f3modos de no reformarnos? \u00bfCu\u00e1l es nuestra responsabilidad heredada como ministros competentes del Nuevo Pacto, administradores fieles de la Comisi\u00f3n de Cristo y de los reformadores que arriesgaron todo?<\/p>\n\n\n\n<p>En&nbsp;su Tercer Milenio, la Iglesia tendr\u00e1 que ponerse de acuerdo en responder y llegar a reformarse hasta&nbsp;alcanzar&nbsp;su plena identidad en Cristo.<\/p>\n\n\n\n<p><\/p>\n","protected":false},"excerpt":{"rendered":"<p>Un viaje por su significado actual (Art\u00edculo completo) Para una comunicaci\u00f3n nacida en el seno de un seminario b\u00edblico evang\u00e9lico con la intenci\u00f3n de conmemorar los m\u00e1s de 500 a\u00f1os de la Reforma protestante, no podr\u00eda haber mejor introducci\u00f3n que la que precedi\u00f3 a los 95 Tesis que pusieron en movimiento uno de los procesos m\u00e1s significativos de la historia&#8230;<\/p>\n","protected":false},"author":1,"featured_media":1742,"comment_status":"open","ping_status":"open","sticky":false,"template":"","format":"standard","meta":{"_EventAllDay":false,"_EventTimezone":"","_EventStartDate":"","_EventEndDate":"","_EventStartDateUTC":"","_EventEndDateUTC":"","_EventShowMap":false,"_EventShowMapLink":false,"_EventURL":"","_EventCost":"","_EventCostDescription":"","_EventCurrencySymbol":"","_EventCurrencyCode":"","_EventCurrencyPosition":"","_EventDateTimeSeparator":"","_EventTimeRangeSeparator":"","_EventOrganizerID":[],"_EventVenueID":[],"_OrganizerEmail":"","_OrganizerPhone":"","_OrganizerWebsite":"","_VenueAddress":"","_VenueCity":"","_VenueCountry":"","_VenueProvince":"","_VenueState":"","_VenueZip":"","_VenuePhone":"","_VenueURL":"","_VenueStateProvince":"","_VenueLat":"","_VenueLng":"","_VenueShowMap":false,"_VenueShowMapLink":false,"_kadence_starter_templates_imported_post":false,"_kad_post_transparent":"","_kad_post_title":"","_kad_post_layout":"","_kad_post_sidebar_id":"","_kad_post_content_style":"","_kad_post_vertical_padding":"","_kad_post_feature":"","_kad_post_feature_position":"","_kad_post_header":false,"_kad_post_footer":false,"_kad_post_classname":"","footnotes":""},"categories":[23],"tags":[29,22],"class_list":["post-1737","post","type-post","status-publish","format-standard","has-post-thumbnail","hentry","category-articulos","tag-formacion","tag-historia"],"_links":{"self":[{"href":"https:\/\/institutocentrocristiano.com.co\/index.php?rest_route=\/wp\/v2\/posts\/1737","targetHints":{"allow":["GET"]}}],"collection":[{"href":"https:\/\/institutocentrocristiano.com.co\/index.php?rest_route=\/wp\/v2\/posts"}],"about":[{"href":"https:\/\/institutocentrocristiano.com.co\/index.php?rest_route=\/wp\/v2\/types\/post"}],"author":[{"embeddable":true,"href":"https:\/\/institutocentrocristiano.com.co\/index.php?rest_route=\/wp\/v2\/users\/1"}],"replies":[{"embeddable":true,"href":"https:\/\/institutocentrocristiano.com.co\/index.php?rest_route=%2Fwp%2Fv2%2Fcomments&post=1737"}],"version-history":[{"count":11,"href":"https:\/\/institutocentrocristiano.com.co\/index.php?rest_route=\/wp\/v2\/posts\/1737\/revisions"}],"predecessor-version":[{"id":1929,"href":"https:\/\/institutocentrocristiano.com.co\/index.php?rest_route=\/wp\/v2\/posts\/1737\/revisions\/1929"}],"wp:featuredmedia":[{"embeddable":true,"href":"https:\/\/institutocentrocristiano.com.co\/index.php?rest_route=\/wp\/v2\/media\/1742"}],"wp:attachment":[{"href":"https:\/\/institutocentrocristiano.com.co\/index.php?rest_route=%2Fwp%2Fv2%2Fmedia&parent=1737"}],"wp:term":[{"taxonomy":"category","embeddable":true,"href":"https:\/\/institutocentrocristiano.com.co\/index.php?rest_route=%2Fwp%2Fv2%2Fcategories&post=1737"},{"taxonomy":"post_tag","embeddable":true,"href":"https:\/\/institutocentrocristiano.com.co\/index.php?rest_route=%2Fwp%2Fv2%2Ftags&post=1737"}],"curies":[{"name":"wp","href":"https:\/\/api.w.org\/{rel}","templated":true}]}}