{"id":1699,"date":"2024-02-13T20:02:43","date_gmt":"2024-02-14T01:02:43","guid":{"rendered":"https:\/\/institutocentrocristiano.com.co\/?p=1699"},"modified":"2025-10-08T10:01:39","modified_gmt":"2025-10-08T15:01:39","slug":"pedagogia-conceptual-aplicada","status":"publish","type":"post","link":"https:\/\/institutocentrocristiano.com.co\/?p=1699","title":{"rendered":"Pedagog\u00eda conceptual aplicada"},"content":{"rendered":"\n<p><strong>Pedagog\u00eda conceptual aplicada a la formaci\u00f3n por competencias del saber-ser: Enfoque volitivo, afectivo y espiritual<\/strong>  <a href=\"https:\/\/institutocentrocristiano.com.co\/zstore\/PDF\/Pedagog%C3%ADa%20conceptual%20aplicada.pdf\">(Art\u00edculo completo)<\/a><\/p>\n\n\n\n<figure class=\"wp-block-image size-full is-resized\"><img loading=\"lazy\" decoding=\"async\" width=\"567\" height=\"756\" src=\"https:\/\/institutocentrocristiano.com.co\/wp-content\/uploads\/2024\/02\/infog-Formacion-educacion-y-pedagogia-1.png\" alt=\"\" class=\"wp-image-1759\" style=\"width:721px;height:auto\" srcset=\"https:\/\/institutocentrocristiano.com.co\/wp-content\/uploads\/2024\/02\/infog-Formacion-educacion-y-pedagogia-1.png 567w, https:\/\/institutocentrocristiano.com.co\/wp-content\/uploads\/2024\/02\/infog-Formacion-educacion-y-pedagogia-1-225x300.png 225w\" sizes=\"auto, (max-width: 567px) 100vw, 567px\" \/><\/figure>\n\n\n\n<h3 class=\"wp-block-heading\">Resumen &nbsp;&nbsp;&nbsp; <\/h3>\n\n\n\n<p>Se presentan los resultados de la investigaci\u00f3n realizada en una instituci\u00f3n de formaci\u00f3n teol\u00f3gica de la ciudad de C\u00facuta, la cual ten\u00eda por objetivo analizar los efectos de la Pedagog\u00eda Conceptual de Miguel de Zubir\u00eda Samper, en el proceso de formaci\u00f3n por competencias, seleccionando aquellas que participan en la formaci\u00f3n del Saber-Ser, que se categorizaron en las volitivas, afectivas y espirituales. Se enmarc\u00f3 en la investigaci\u00f3n cualitativa y se emple\u00f3 la Investigaci\u00f3n-Acci\u00f3n. Las t\u00e9cnicas usadas para la recolecci\u00f3n de informaci\u00f3n fueron la matriz de an\u00e1lisis categorial (an\u00e1lisis documental), la entrevista semiestructurada y el diario de campo. Los modelos estudiados aportaron procesos pedag\u00f3gicos y metodolog\u00edas did\u00e1cticas que permitieron estimar con precisi\u00f3n las variables que debe considerar la instituci\u00f3n educativa para ofrecer educaci\u00f3n de calidad y pertinente con las necesidades de los estudiantes. Los informantes clave fueron los estudiantes activos de la instituci\u00f3n que participaron en la aplicaci\u00f3n de la propuesta pedag\u00f3gica que se dise\u00f1\u00f3 bajo los aportes de la Pedagog\u00eda Conceptual. Los hallazgos demostraron que al considerar las necesidades de formaci\u00f3n por competencias que implican los tres saberes b\u00e1sicos: Ser-Hacer-Saber, se requiere la participaci\u00f3n de docentes y estudiantes en los procesos de transformaci\u00f3n y aplicaci\u00f3n de nuevos escenarios de aprendizaje. Los resultados muestran que, la Pedagog\u00eda Conceptual dise\u00f1a tres procesos claves para lograr el prop\u00f3sito; el Tri\u00e1ngulo Humano, el Modelo del Hex\u00e1gono y los Mentefactos Conceptuales, las capacidades para la toma de decisiones requieren la activaci\u00f3n de los tres sistemas y se logra usando las ense\u00f1anzas afectivas, los procesos expresivos y la metacognici\u00f3n. Se concluy\u00f3 que la motivaci\u00f3n es factor fundamental para que los procesos de ense\u00f1anza y aprendizaje lleven al estudiante a formar adecuadamente las facultades que le permitan usar su voluntad, sentimientos y espiritualidad para ser una persona competente y genere crecimiento integral en su vida y entorno.<\/p>\n\n\n\n<p><strong>Palabras claves: <\/strong>Actitud; Motivaci\u00f3n; Cognici\u00f3n; Afectividad; Espiritualidad.<\/p>\n","protected":false},"excerpt":{"rendered":"<p>Pedagog\u00eda conceptual aplicada a la formaci\u00f3n por competencias del saber-ser: Enfoque volitivo, afectivo y espiritual (Art\u00edculo completo) Resumen &nbsp;&nbsp;&nbsp; Se presentan los resultados de la investigaci\u00f3n realizada en una instituci\u00f3n de formaci\u00f3n teol\u00f3gica de la ciudad de C\u00facuta, la cual ten\u00eda por objetivo analizar los efectos de la Pedagog\u00eda Conceptual de Miguel de Zubir\u00eda Samper, en el proceso de formaci\u00f3n&#8230;<\/p>\n","protected":false},"author":9,"featured_media":1702,"comment_status":"open","ping_status":"open","sticky":false,"template":"","format":"standard","meta":{"_EventAllDay":false,"_EventTimezone":"","_EventStartDate":"","_EventEndDate":"","_EventStartDateUTC":"","_EventEndDateUTC":"","_EventShowMap":false,"_EventShowMapLink":false,"_EventURL":"","_EventCost":"","_EventCostDescription":"","_EventCurrencySymbol":"","_EventCurrencyCode":"","_EventCurrencyPosition":"","_EventDateTimeSeparator":"","_EventTimeRangeSeparator":"","_EventOrganizerID":[],"_EventVenueID":[],"_OrganizerEmail":"","_OrganizerPhone":"","_OrganizerWebsite":"","_VenueAddress":"","_VenueCity":"","_VenueCountry":"","_VenueProvince":"","_VenueState":"","_VenueZip":"","_VenuePhone":"","_VenueURL":"","_VenueStateProvince":"","_VenueLat":"","_VenueLng":"","_VenueShowMap":false,"_VenueShowMapLink":false,"_kadence_starter_templates_imported_post":false,"_kad_post_transparent":"","_kad_post_title":"","_kad_post_layout":"","_kad_post_sidebar_id":"","_kad_post_content_style":"","_kad_post_vertical_padding":"","_kad_post_feature":"show","_kad_post_feature_position":"above","_kad_post_header":false,"_kad_post_footer":false,"_kad_post_classname":"","footnotes":""},"categories":[1],"tags":[24],"class_list":["post-1699","post","type-post","status-publish","format-standard","has-post-thumbnail","hentry","category-blog","tag-pedagogia"],"_links":{"self":[{"href":"https:\/\/institutocentrocristiano.com.co\/index.php?rest_route=\/wp\/v2\/posts\/1699","targetHints":{"allow":["GET"]}}],"collection":[{"href":"https:\/\/institutocentrocristiano.com.co\/index.php?rest_route=\/wp\/v2\/posts"}],"about":[{"href":"https:\/\/institutocentrocristiano.com.co\/index.php?rest_route=\/wp\/v2\/types\/post"}],"author":[{"embeddable":true,"href":"https:\/\/institutocentrocristiano.com.co\/index.php?rest_route=\/wp\/v2\/users\/9"}],"replies":[{"embeddable":true,"href":"https:\/\/institutocentrocristiano.com.co\/index.php?rest_route=%2Fwp%2Fv2%2Fcomments&post=1699"}],"version-history":[{"count":3,"href":"https:\/\/institutocentrocristiano.com.co\/index.php?rest_route=\/wp\/v2\/posts\/1699\/revisions"}],"predecessor-version":[{"id":1899,"href":"https:\/\/institutocentrocristiano.com.co\/index.php?rest_route=\/wp\/v2\/posts\/1699\/revisions\/1899"}],"wp:featuredmedia":[{"embeddable":true,"href":"https:\/\/institutocentrocristiano.com.co\/index.php?rest_route=\/wp\/v2\/media\/1702"}],"wp:attachment":[{"href":"https:\/\/institutocentrocristiano.com.co\/index.php?rest_route=%2Fwp%2Fv2%2Fmedia&parent=1699"}],"wp:term":[{"taxonomy":"category","embeddable":true,"href":"https:\/\/institutocentrocristiano.com.co\/index.php?rest_route=%2Fwp%2Fv2%2Fcategories&post=1699"},{"taxonomy":"post_tag","embeddable":true,"href":"https:\/\/institutocentrocristiano.com.co\/index.php?rest_route=%2Fwp%2Fv2%2Ftags&post=1699"}],"curies":[{"name":"wp","href":"https:\/\/api.w.org\/{rel}","templated":true}]}}